{"id":1475,"date":"2017-11-26T21:55:16","date_gmt":"2017-11-26T20:55:16","guid":{"rendered":"http:\/\/www.igito.it\/?p=1475"},"modified":"2017-11-26T21:58:34","modified_gmt":"2017-11-26T20:58:34","slug":"comunicato","status":"publish","type":"post","link":"https:\/\/www.igito.it\/en\/2017\/11\/26\/comunicato\/","title":{"rendered":"(Italiano) Comunicato"},"content":{"rendered":"<p class=\"qtranxs-available-languages-message qtranxs-available-languages-message-en\">Sorry, this entry is only available in <a href=\"https:\/\/www.igito.it\/it\/wp-json\/wp\/v2\/posts\/1475\" class=\"qtranxs-available-language-link qtranxs-available-language-link-it\" title=\"Italiano\">Italiano<\/a>. For the sake of viewer convenience, the content is shown below in the alternative language. You may click the link to switch the active language.<\/p><p><\/p>\n<h4 style=\"text-align: justify;\">Questa settimana IgiTo ha compiuto due anni. Molto \u00e8 stato fatto, molto si potr\u00e0 fare, e tutti coloro che hanno partecipato alle varie iniziative e che continuano a credere nel nostro progetto meritano un ringraziamento speciale.<\/h4>\n<h4 style=\"text-align: justify;\">Ma quest&#8217;anno, in questa stessa settimana, \u00e8 avvenuto qualcosa di molto pi\u00f9 grande, davanti a cui l&#8217;anniversario di IgiTo non sar\u00e0 mai paragonabile. Il nostro affetto pi\u00f9 profondo va al nostro Segretario, a Martina, al suo compagno di vita e al nuovo tesoro che d&#8217;ora in poi li accompagner\u00e0.<\/h4>\n<p>&#8211; Il Consiglio direttivo<\/p>","protected":false},"excerpt":{"rendered":"<p>Sorry, this entry is only available in Italiano. For the sake of viewer convenience, the content is shown below in the alternative language. You may click the link to switch the active language. Questa settimana IgiTo ha compiuto due anni. Molto \u00e8 stato fatto, molto si potr\u00e0 fare, e tutti coloro che hanno partecipato alle &hellip; <a href=\"https:\/\/www.igito.it\/en\/2017\/11\/26\/comunicato\/\" class=\"more-link\">Continue reading<span class=\"screen-reader-text\"> &#8220;(Italiano) Comunicato&#8221;<\/span><\/a><\/p>\n","protected":false},"author":1,"featured_media":0,"comment_status":"open","ping_status":"open","sticky":false,"template":"","format":"standard","meta":{"footnotes":""},"categories":[25,18],"tags":[],"class_list":["post-1475","post","type-post","status-publish","format-standard","hentry","category-news-events","category-latest"],"_links":{"self":[{"href":"https:\/\/www.igito.it\/en\/wp-json\/wp\/v2\/posts\/1475","targetHints":{"allow":["GET"]}}],"collection":[{"href":"https:\/\/www.igito.it\/en\/wp-json\/wp\/v2\/posts"}],"about":[{"href":"https:\/\/www.igito.it\/en\/wp-json\/wp\/v2\/types\/post"}],"author":[{"embeddable":true,"href":"https:\/\/www.igito.it\/en\/wp-json\/wp\/v2\/users\/1"}],"replies":[{"embeddable":true,"href":"https:\/\/www.igito.it\/en\/wp-json\/wp\/v2\/comments?post=1475"}],"version-history":[{"count":0,"href":"https:\/\/www.igito.it\/en\/wp-json\/wp\/v2\/posts\/1475\/revisions"}],"wp:attachment":[{"href":"https:\/\/www.igito.it\/en\/wp-json\/wp\/v2\/media?parent=1475"}],"wp:term":[{"taxonomy":"category","embeddable":true,"href":"https:\/\/www.igito.it\/en\/wp-json\/wp\/v2\/categories?post=1475"},{"taxonomy":"post_tag","embeddable":true,"href":"https:\/\/www.igito.it\/en\/wp-json\/wp\/v2\/tags?post=1475"}],"curies":[{"name":"wp","href":"https:\/\/api.w.org\/{rel}","templated":true}]}}