{"id":1509,"date":"2018-05-04T18:00:20","date_gmt":"2018-05-04T17:00:20","guid":{"rendered":"http:\/\/www.igito.it\/?p=1509"},"modified":"2018-05-31T10:23:34","modified_gmt":"2018-05-31T09:23:34","slug":"video-jainer-garcia-la-racionalidad-en-el-defecto-factico-de-apreciacion-de-la-prueba-penal-en-tutela","status":"publish","type":"post","link":"https:\/\/www.igito.it\/en\/2018\/05\/04\/video-jainer-garcia-la-racionalidad-en-el-defecto-factico-de-apreciacion-de-la-prueba-penal-en-tutela\/","title":{"rendered":"***VIDEO*** Jainer Garc\u00eda, &#8220;La racionalidad en el defecto f\u00e1ctico de apreciaci\u00f3n de la prueba penal en tutela&#8221; (Log in to watch)"},"content":{"rendered":"<p><\/p>\n<h2><span style=\"text-decoration: underline; color: #800000;\"><a style=\"color: #800000; text-decoration: underline;\" href=\"https:\/\/onedrive.live.com\/embed?cid=6F8110B886BE3CDC&amp;resid=6F8110B886BE3CDC%21216&amp;authkey=AHpQDlq7jFQO1AA\" target=\"_blank\">&gt;&gt;&gt;\u00a0WATCH\u00a0VIDEO<\/a><\/span><\/h2>\n<p><\/p>","protected":false},"excerpt":{"rendered":"<p>&gt;&gt;&gt;\u00a0WATCH\u00a0VIDEO<\/p>\n","protected":false},"author":1,"featured_media":0,"comment_status":"open","ping_status":"open","sticky":false,"template":"","format":"standard","meta":{"footnotes":""},"categories":[20,26,18],"tags":[],"class_list":["post-1509","post","type-post","status-publish","format-standard","hentry","category-ibero-american-studies","category-lectures","category-latest"],"_links":{"self":[{"href":"https:\/\/www.igito.it\/en\/wp-json\/wp\/v2\/posts\/1509","targetHints":{"allow":["GET"]}}],"collection":[{"href":"https:\/\/www.igito.it\/en\/wp-json\/wp\/v2\/posts"}],"about":[{"href":"https:\/\/www.igito.it\/en\/wp-json\/wp\/v2\/types\/post"}],"author":[{"embeddable":true,"href":"https:\/\/www.igito.it\/en\/wp-json\/wp\/v2\/users\/1"}],"replies":[{"embeddable":true,"href":"https:\/\/www.igito.it\/en\/wp-json\/wp\/v2\/comments?post=1509"}],"version-history":[{"count":0,"href":"https:\/\/www.igito.it\/en\/wp-json\/wp\/v2\/posts\/1509\/revisions"}],"wp:attachment":[{"href":"https:\/\/www.igito.it\/en\/wp-json\/wp\/v2\/media?parent=1509"}],"wp:term":[{"taxonomy":"category","embeddable":true,"href":"https:\/\/www.igito.it\/en\/wp-json\/wp\/v2\/categories?post=1509"},{"taxonomy":"post_tag","embeddable":true,"href":"https:\/\/www.igito.it\/en\/wp-json\/wp\/v2\/tags?post=1509"}],"curies":[{"name":"wp","href":"https:\/\/api.w.org\/{rel}","templated":true}]}}