{"id":2179,"date":"2019-10-28T21:23:05","date_gmt":"2019-10-28T20:23:05","guid":{"rendered":"https:\/\/www.igito.it\/?p=2179"},"modified":"2019-10-31T21:25:44","modified_gmt":"2019-10-31T20:25:44","slug":"articolo-campagna-popolare-per-lagricoltura-contadina-il-lungo-percorso-per-la-tutela-dei-contadini-in-italia-dott-ssa-giulia-caddeo","status":"publish","type":"post","link":"https:\/\/www.igito.it\/en\/2019\/10\/28\/articolo-campagna-popolare-per-lagricoltura-contadina-il-lungo-percorso-per-la-tutela-dei-contadini-in-italia-dott-ssa-giulia-caddeo\/","title":{"rendered":"(Italiano) ***ARTICOLO*** Campagna popolare per l\u2019agricoltura contadina: il lungo percorso per la tutela dei contadini in Italia &#8211; Dott.ssa Giulia Caddeo"},"content":{"rendered":"<p class=\"qtranxs-available-languages-message qtranxs-available-languages-message-en\">Sorry, this entry is only available in <a href=\"https:\/\/www.igito.it\/it\/wp-json\/wp\/v2\/posts\/2179\" class=\"qtranxs-available-language-link qtranxs-available-language-link-it\" title=\"Italiano\">Italiano<\/a>. For the sake of viewer convenience, the content is shown below in the alternative language. You may click the link to switch the active language.<\/p><p><\/p>\n<h5 style=\"padding-left: 30px;\">(<em>A cura della Dott.ssa\u00a0<\/em><strong><em>Giulia Caddeo<\/em><\/strong> <em>(\u00c9galit\u00e9 \u2013 Great Italian Food Trade)<\/em><em>. N.B.: Le opinioni espresse sono presentate a titolo personale dall&#8217;Autore e non riflettono necessariamente la posizione di IgiTo sul tema esposto. Le informazioni presentate hanno carattere generale e divulgativo e non sostituiscono in alcun modo l&#8217;assistenza di un professionista. Per informazioni:<\/em><em>\u00a0<strong><a href=\"mailto:info@igito.it\"><u>info@igito.it<\/u><\/a><\/strong><\/em>)<\/h5>\n<h5 class=\"s3\">La<span class=\"s5\"> Dichiarazione <\/span><span class=\"s5\">sui diritti dei contadini<\/span> <span class=\"s5\">e delle persone che lavorano la terra<\/span> \u00e8 opportunamente citata, congiuntamente alla <span class=\"s5\">Via Campesina<\/span><span class=\"s5\">,<\/span> nella parte narrativa <span class=\"s6\">delle<\/span> <span class=\"s4\">Disposizioni in materia di agricoltura contadina<\/span><span class=\"s6\"> (1825), <\/span>proposta di legge presentata alla Camera lo scorso 6 maggio e affidata in sede referente alla commissione agricoltura lo scorso 21 agosto, anche se non ancora calendarizzata. Essa si configura come ultimo tassello della <span class=\"s6\">Campagna per l\u2019agricoltura contadina<\/span><span class=\"s6\">, che prende il via nel 2009 grazie a una rete di associazioni che si battono per l\u2019ottenimento di una legge nazionale che riconosca le realt\u00e0 contadine in Italia e le sostenga con misure puntuali e concrete.<\/span><\/h5>\n<h5 class=\"s3\"><span class=\"s6\">L\u2019agricoltura contadina<\/span><span class=\"s6\"> si colloca in un contesto di pluralit\u00e0 di agricolture. Va al di l\u00e0 del concetto di mera attivit\u00e0 economica, svolgendo una funzione sociale di tutela del territorio, di custodia della terra come bene comune dell\u2019umanit\u00e0, di tradizioni e tecniche agricole, della biodiversit\u00e0 e del rispetto degli ecosistemi. Per qu<\/span><span class=\"s6\">este ragioni essa necessita<\/span><span class=\"s6\"> di particolari forme di sostegno, incentivo e protezione, a partire da una definizione legislativa <\/span><span class=\"s6\">che <\/span><span class=\"s6\">descriva e la riconosca come categoria giuridica.<\/span><span class=\"s6\"> Le caratteristiche strutturali<\/span><span class=\"s6\"> delle aziende agricole italiane sono intimamente legate alle caratteristiche del territorio italiano, prevalentemente montuoso e collinare. Il panorama agricolo italiano si caratterizza per la presenza capillare e parcellizzata di piccole aziende diretto-coltivatrici e di poche macrorealt\u00e0 industriali, concentrate prevalentemente nel Centro-Sud.<\/span><\/h5>\n<h5 class=\"s3\"><span class=\"s4\">&#8220;<em>L<\/em><\/span><em><span class=\"s4\">&#8216;agricoltura dei contadini che non sono imprenditori e tanto men<\/span><span class=\"s4\">o industriali della terra&#8221; <\/span><span class=\"s6\">resta<\/span><\/em><span class=\"s4\"><em>&#8220;quasi invisibile allo sguardo della legge che non la riconosce come costituzionalmente diversa dall&#8217;altra (e perfino opposta, negli effetti) e non ne sa ascoltare la voce<\/em>&#8220;<\/span><span class=\"s4\">.<\/span><\/h5>\n<h5 class=\"s3\"><span class=\"s6\">C<\/span><span class=\"s6\">os\u00ec si legge nel comunicato stampa dei promotori della <\/span><span class=\"s6\">Campagna.<\/span><\/h5>\n<h5 class=\"s3\"><span class=\"s6\">Da allora<\/span><span class=\"s6\">, anno della sua istituzione,<\/span><span class=\"s6\"> diversi passa<\/span><span class=\"s6\">ggi portano le istanze della Campagna<\/span><span class=\"s6\"> sul piano istituzionale<\/span><span class=\"s6\">: nel 2010, la petizione della Campagna per una legge sull\u2019agricoltura contadina diviene proposta di legge.<\/span> <span class=\"s6\">Cambi di governo e ministri<\/span><span class=\"s6\"> portano all\u2019interruzione dell\u2019iniziativa, ma nuovo impulso viene dato il 10 ottobre 2013 con la presentazione delle <\/span><span class=\"s4\">Linee guida per una legge quadro sulle agricolture contadine<\/span><span class=\"s6\">.<\/span><\/h5>\n<h5 class=\"s3\"><span class=\"s6\">Tra il 2014 e il 2015 <\/span><span class=\"s6\">vengono presentate quattro proposte di legge simili sul medesimo tema. La &#8220;<\/span><span class=\"s4\">Legge quadro sull&#8217;agricoltura contadina&#8221; (2025),<\/span> <span class=\"s6\">proposta<\/span> <span class=\"s6\">depositata dall\u2019Onorevole Zaccagnini, redatta di concerto con <\/span><span class=\"s6\">i membri della Campagna Contadina, <\/span><span class=\"s6\">\u00e8 quella che meglio ne raccoglie<\/span><span class=\"s6\"> le istanze<\/span><span class=\"s6\">. Essa introduce i <\/span><span class=\"s6\">concetti<\/span> <span class=\"s6\">di sovranit\u00e0 alimentare, bene comune, agroecologia, accesso alla terra, individuando, <\/span><span class=\"s4\">allo stesso tempo<\/span><span class=\"s6\">, <\/span><span class=\"s6\">misure puntuali e concrete<\/span><span class=\"s6\"> a sostegno dei <\/span><span class=\"s6\">contadini.<\/span><span class=\"s6\"> Sulla base della definizione tecnica di cosa siano le agricolture contadine, la proposta indica anche uno specifico albo in cui esse debbano venire registrate<\/span><span class=\"s6\">. Le<\/span><span class=\"s6\"> imprese cos\u00ec individuate godono<\/span><span class=\"s6\"> di specifiche <\/span><span class=\"s6\">misure di tutela e agevolazioni. Per esempio, d<\/span><span class=\"s6\">isposizioni di semplificazione<\/span><span class=\"s6\"> riguardano la lavorazione,<\/span><span class=\"s6\"> la trasformazione,<\/span><span class=\"s6\"> la vendita<\/span><span class=\"s6\"> e l\u2019etichettatura<\/span><span class=\"s6\"> di limitate quantit\u00e0 di prodotti di <\/span><span class=\"s6\">filier<\/span><span class=\"s6\">a corta e di produzione locale;<\/span><span class=\"s6\"> \u00e8 prevista la riduzione di contributi assistenziali e previdenziali, cos\u00ec come <\/span><span class=\"s6\">l\u2019esonero<\/span> <span class=\"s6\">dal pagamento dell\u2019imposta sul valore aggiunto entro i 25.000 euro annui,<\/span> <span class=\"s6\">la riduzione di non meno dell\u201980% di tasse e <\/span><span class=\"s6\">imposte<\/span><span class=\"s6\"> gravanti <\/span><span class=\"s6\">sulle attivit\u00e0<\/span> <span class=\"s6\">commerciali di vendita di prodotti agricoli e<\/span> <span class=\"s6\">alimentari a chilometro zero<\/span><span class=\"s6\">. I<\/span><span class=\"s6\"> mercati contadini che non producono rifiuti sono esentati dalla <\/span><span class=\"s6\">relativa tassa.<\/span><span class=\"s6\"> Sono<\/span><span class=\"s6\">,<\/span><span class=\"s6\"> inoltre<\/span><span class=\"s6\">,<\/span><span class=\"s6\"> previsti<\/span><span class=\"s6\"> l\u2019accesso prioritario ai mercati locali, <\/span><span class=\"s6\">il libero utilizzo delle sementi da parte dei contadini, cos\u00ec come il recupero delle terre incolte.<\/span><\/h5>\n<h5 class=\"s3\"><span class=\"s6\">Il 13 dicembre 2017<\/span><span class=\"s6\"> il comitato ristretto della Commissione agricoltura<\/span> <span class=\"s6\">della Camera giunge all\u2019adozione <\/span><span class=\"s6\">del testo base<\/span><span class=\"s6\">, sintetizzando i contenuti delle quattro proposte.<\/span> <span class=\"s6\">Con le elezioni del marzo 2018<\/span><span class=\"s6\">, purtroppo, cambiando i parlamentari di riferimento, l\u2019avanzamento della proposta di legge subisce una fase di arresto. <\/span><span class=\"s6\">I<\/span><span class=\"s6\">l Coordinamento della Campagna rielabora<\/span><span class=\"s6\">, quindi,<\/span> <span class=\"s6\">il testo<\/span><span class=\"s6\"> da proporre ai nuovi parlamentari,<\/span> <span class=\"s6\">assemblando la legge Zaccagnini con istituti introdotti dalle altre tre proposte<\/span><span class=\"s6\">, ma ad oggi la discussione parlamentare su questi temi \u00e8 <\/span><span class=\"s6\">ferma. Se, infatti, <\/span><span class=\"s6\">a livello internazionale il progressivo riconoscimento<\/span><span class=\"s6\"> della dimensione contadina ha portato<\/span> <span class=\"s6\">al<\/span><span class=\"s6\">la recente approvazione<\/span><span class=\"s6\">, nel novembre 2018, della <\/span><span class=\"s4\">Dichiarazione ONU per i diritti dei contadini e delle altre persone che lavorano in ambito rurale<\/span><span class=\"s6\">, il panorama nazionale risulta ancora refrattario a queste innovazioni. <\/span><\/h5>\n<h5 class=\"s3\"><span class=\"s6\">Nuovo impulso, poi, dovr\u00e0 essere dato ora ch<\/span><span class=\"s6\">e un nuovo governo si \u00e8 formato<\/span><span class=\"s6\">: gli impegni presi dall\u2019On. Filippo Gallinella nell\u2019ambito degli incontri istituzionali del 14 e del 25 febbraio 2019 sulla ripresentazione della Campagna<\/span> <span class=\"s6\">e di quelli incorporati nella proposta di legge a firma <\/span><span class=\"s6\">Cunial <\/span><span class=\"s6\">rientrano pienamente nel ventinovesimo punto del<\/span><span class=\"s6\"> programma di governo Conte bis: <\/span><\/h5>\n<h5 class=\"s3\"><span class=\"s9\">&#8220;<em>\u00c8 necessario <\/em>[\u2026] <\/span><span class=\"s9\"><em>adottare gli strumenti necessari per preservare le colture tradizionali e biologiche, tutelando peculiarit\u00e0 e specificit\u00e0 produttive, cos\u00ec come l&#8217;agricoltura contadina nelle cosiddette \u201caree marginali\u201d<\/em>.&#8221;<\/span><\/h5>\n<h5 class=\"s3\"><span class=\"s6\">A fronte dell\u2019esistenza di diverse forme di agricoltura<\/span><span class=\"s6\">, le attuali politiche agricole sono \u00a0strutturate per sostenere prevalentemente quella di larga scala, capitalizzata e meccanizzata, caratterizzata da forte competitivit\u00e0 nei mercati globali.<\/span> <span class=\"s6\">Servono misure concrete<\/span><span class=\"s6\"> che riconoscano la coesistenza di differenti tip<\/span><span class=\"s6\">ologie di agricoltura e agevolino<\/span><span class=\"s6\"> le aziende di piccole dimensioni che attuano modelli agricoli ecologici in armonia con l\u2019ecosistema di riferimento.<\/span><span class=\"s6\"> Speriamo che la neonominata Teresa Bellanova sia in grado di accettare e affronatre la sfida, anche nell\u2019ambito della nuova PAC 2021-2027.<\/span><\/h5>\n<h5 class=\"s3\"><span class=\"s6\">Nell\u2019ambito del convegno <\/span><span class=\"s4\">Terra e diritti<\/span> <span class=\"s6\">dello scorso 14 giugno<\/span><span class=\"s6\">, organizzato presso la sede <\/span><span class=\"s6\">dell\u2019associazione Piemonte Grecia da ARI e CIVG, \u00e8 stato messa in rilievo la portata culturale dell\u2019ingresso in parlamento di proposte di legge che introducono nell\u2019ambito legislativo nazionale italia<\/span><span class=\"s6\">no la nozione di contadino e <\/span><span class=\"s6\">concetti quali quelli di sovranit\u00e0 alimentare, bene comune, diritto alla terra<\/span><span class=\"s6\">, facendo riferimento anche a fonti di rango internazionale quali la<\/span> <span class=\"s5\">Dichiarazione <\/span><span class=\"s5\">sui diritti dei contadini<\/span> <span class=\"s5\">e delle persone che lavorano la terra<\/span><span class=\"s6\">, le cui obbligazioni vanno adempiute tramite politiche attente e lungimiranti.<\/span><\/h5>\n<h5 class=\"s3\"><span class=\"s6\">La speranza \u00e8 che si arrivi presto all\u2019approvazione di una legge sull\u2019agricoltura contadina, la volont\u00e0 \u00e8 quella di mantenere viva l\u2019attenzione <\/span><span class=\"s6\">su questo tema<\/span><span class=\"s6\"> cos\u00ec importante per il comparto <\/span><span class=\"s6\">agricolo italiano.<\/span><\/h5>\n<p><\/p>","protected":false},"excerpt":{"rendered":"<p>Sorry, this entry is only available in Italiano. For the sake of viewer convenience, the content is shown below in the alternative language. You may click the link to switch the active language. (A cura della Dott.ssa\u00a0Giulia Caddeo (\u00c9galit\u00e9 \u2013 Great Italian Food Trade). N.B.: Le opinioni espresse sono presentate a titolo personale dall&#8217;Autore e &hellip; <a href=\"https:\/\/www.igito.it\/en\/2019\/10\/28\/articolo-campagna-popolare-per-lagricoltura-contadina-il-lungo-percorso-per-la-tutela-dei-contadini-in-italia-dott-ssa-giulia-caddeo\/\" class=\"more-link\">Continue reading<span class=\"screen-reader-text\"> &#8220;(Italiano) ***ARTICOLO*** Campagna popolare per l\u2019agricoltura contadina: il lungo percorso per la tutela dei contadini in Italia &#8211; Dott.ssa Giulia Caddeo&#8221;<\/span><\/a><\/p>\n","protected":false},"author":1,"featured_media":0,"comment_status":"open","ping_status":"open","sticky":false,"template":"","format":"standard","meta":{"footnotes":""},"categories":[29,18],"tags":[],"class_list":["post-2179","post","type-post","status-publish","format-standard","hentry","category-articles","category-latest"],"_links":{"self":[{"href":"https:\/\/www.igito.it\/en\/wp-json\/wp\/v2\/posts\/2179","targetHints":{"allow":["GET"]}}],"collection":[{"href":"https:\/\/www.igito.it\/en\/wp-json\/wp\/v2\/posts"}],"about":[{"href":"https:\/\/www.igito.it\/en\/wp-json\/wp\/v2\/types\/post"}],"author":[{"embeddable":true,"href":"https:\/\/www.igito.it\/en\/wp-json\/wp\/v2\/users\/1"}],"replies":[{"embeddable":true,"href":"https:\/\/www.igito.it\/en\/wp-json\/wp\/v2\/comments?post=2179"}],"version-history":[{"count":0,"href":"https:\/\/www.igito.it\/en\/wp-json\/wp\/v2\/posts\/2179\/revisions"}],"wp:attachment":[{"href":"https:\/\/www.igito.it\/en\/wp-json\/wp\/v2\/media?parent=2179"}],"wp:term":[{"taxonomy":"category","embeddable":true,"href":"https:\/\/www.igito.it\/en\/wp-json\/wp\/v2\/categories?post=2179"},{"taxonomy":"post_tag","embeddable":true,"href":"https:\/\/www.igito.it\/en\/wp-json\/wp\/v2\/tags?post=2179"}],"curies":[{"name":"wp","href":"https:\/\/api.w.org\/{rel}","templated":true}]}}