{"id":3346,"date":"2020-03-19T14:35:54","date_gmt":"2020-03-19T13:35:54","guid":{"rendered":"https:\/\/www.igito.it\/?p=3346"},"modified":"2023-06-12T15:01:29","modified_gmt":"2023-06-12T14:01:29","slug":"melisa-jose-caro-benitez-aplicabilidad-de-la-politica-de-restitucion-y-formalizacion-de-tierras-de-cara-al-enfoque-basado-en-derechos-humanos-caso-departamento-de-bolivar-colombia-periodo-2011-20","status":"publish","type":"post","link":"https:\/\/www.igito.it\/en\/2020\/03\/19\/melisa-jose-caro-benitez-aplicabilidad-de-la-politica-de-restitucion-y-formalizacion-de-tierras-de-cara-al-enfoque-basado-en-derechos-humanos-caso-departamento-de-bolivar-colombia-periodo-2011-20\/","title":{"rendered":"Melisa Jos\u00e9 Caro Ben\u00edtez, &#8220;Aplicabilidad de la pol\u00edtica de restituci\u00f3n y formalizaci\u00f3n de tierras de cara al enfoque basado en derechos humanos. Caso Departamento de Bol\u00edvar (Colombia), Periodo 2011-2017&#8221;"},"content":{"rendered":"<p><img loading=\"lazy\" decoding=\"async\" class=\"aligncenter size-full wp-image-3347\" src=\"https:\/\/www.igito.it\/wp-content\/uploads\/2023\/06\/melisacaroaplicabilidadcopertina.webp\" alt=\"\" width=\"400\" height=\"567\" srcset=\"https:\/\/www.igito.it\/wp-content\/uploads\/2023\/06\/melisacaroaplicabilidadcopertina.webp 400w, https:\/\/www.igito.it\/wp-content\/uploads\/2023\/06\/melisacaroaplicabilidadcopertina-212x300.webp 212w\" sizes=\"auto, (max-width: 400px) 85vw, 400px\" \/><!--more--><a href=\"https:\/\/play.google.com\/store\/books\/details\/Melisa_Jos%C3%A9_Caro_Ben%C3%ADtez_Aplicabilidad_de_la_pol%C3%ADt?id=aSvYDwAAQBAJ&amp;hl=it&amp;gl=US&amp;pcampaignid=pcampaignidMKT-Other-global-all-co-prtnr-py-PartBadge-Mar2515-1\"><img decoding=\"async\" src=\"https:\/\/play.google.com\/intl\/en_us\/badges\/static\/images\/badges\/en_badge_web_generic.png\" alt=\"Get it on Google Play\" \/><\/a><\/p>\n<h3>Editorial Info <\/h3>\n<p>Melisa Jos\u00e9 Caro Ben\u00edtez, &#8220;Aplicabilidad de la pol\u00edtica de restituci\u00f3n y formalizaci\u00f3n de tierras de cara al enfoque basado en derechos humanos. Caso Departamento de Bol\u00edvar (Colombia), Periodo 2011-2017&#8221;.<br \/>\nISBN | 9788831661669<br \/>\nPrima edizione digitale: 2020<br \/>\n\u00a9 Tutti i diritti riservati.<\/p>\n<h3>Abstract<\/h3>\n<p>La pol\u00edtica de restituci\u00f3n de tierras se ha implementado con el fin de lograr la restitutio in integrum de las personas afectadas por el conflicto armado colombiano, en especial en el departamento de Bol\u00edvar, lugar fuertemente afectado por la violencia, donde se cometieron masacres y un sin n\u00famero de vulneraciones de derechos humanos. La pol\u00edtica p\u00fablica ha logrado implementar programas que pretenden dar aplicabilidad al reconocimiento de derechos y a la puesta en marcha de un plan por la mejora de las capacidades y condiciones de vida de la ciudadan\u00eda, siendo esto estudiado desde los contenidos del derecho de restituci\u00f3n de tierras, los est\u00e1ndares de protecci\u00f3n internacional y los principios transversales del enfoque basado en derechos humanos.<\/p>\n<h3>Table of Contents <\/h3>\n<p><span data-contrast=\"none\">I. Introducci\u00f3n<\/span><span data-ccp-props=\"{&quot;201341983&quot;:0,&quot;335559739&quot;:160,&quot;335559740&quot;:259}\">\u00a0<\/span><\/p>\n<p><span data-contrast=\"none\">II. Que son las pol\u00edticas p\u00fablicas.<\/span><\/p>\n<p><span data-contrast=\"none\">III. El enfoque basado en los derechos humanos.<\/span><br \/>\n<span data-contrast=\"none\">1. Democracia.<\/span><br \/>\n<span data-contrast=\"none\">2. Desarrollo.<\/span><span data-ccp-props=\"{&quot;201341983&quot;:0,&quot;335559739&quot;:160,&quot;335559740&quot;:259}\">\u00a0<\/span><\/p>\n<p><span data-contrast=\"none\">IV. Pol\u00edticas p\u00fablicas con enfoque basado en derechos humanos.<\/span><br \/>\n<span data-contrast=\"none\">1. Delimitar la pol\u00edtica p\u00fablica.<\/span><br \/>\n<span data-contrast=\"none\">2. Delimitar el derecho.<\/span><br \/>\n<span data-contrast=\"none\">\u00a0 2.1. Delimitaci\u00f3n del derecho bajo la protecci\u00f3n nacional e internacional<\/span><br \/>\n<span data-contrast=\"none\">\u00a0 2.2. El contenido del derecho. <\/span><br \/>\n<span data-contrast=\"none\">3. Identificaci\u00f3n de las obligaciones del estado.<\/span><br \/>\n<span data-contrast=\"none\">4. Principios trasversales.<\/span><br \/>\n<span data-contrast=\"none\">5. Contenidos espec\u00edficos para verificar el EBDH en la pol\u00edtica p\u00fablica: Arquitectura institucional, estrategias, programas y proyectos.<\/span><\/p>\n<p><span data-contrast=\"none\">V. Pol\u00edtica p\u00fablica de restituci\u00f3n de tierras. Aproximaci\u00f3n te\u00f3rico-practica. <\/span><br \/>\n<span data-contrast=\"none\">1. La justicia transicional en colombia<\/span><br \/>\n<span data-contrast=\"none\">\u00a0 1.1. Fines de la justicia transicional.<\/span><br \/>\n<span data-contrast=\"none\">\u00a0 1.2. Principios de la justicia transicional.<\/span><br \/>\n<span data-contrast=\"none\">\u00a0 1.3. La aplicabilidad de la justicia transicional en Colombia.<\/span><br \/>\n<span data-contrast=\"none\">2. La restituci\u00f3n de tierras. Antecedente jurisprudencial y normativa. <\/span><br \/>\n<span data-contrast=\"none\">3. Pol\u00edtica de restituci\u00f3n de tierras en el departamento de bol\u00edvar.<\/span><br \/>\n<span data-contrast=\"none\">\u00a0 3.1. Aplicabilidad de la pol\u00edtica p\u00fablica de restituci\u00f3n de tierras en el departamento de bol\u00edvar. <\/span><br \/>\n<span data-contrast=\"none\">4. La pol\u00edtica de restituci\u00f3n y en el enfoque basado en los derechos humanos. Caso departamento de Bol\u00edvar desde el ano 2011 a 2017.<\/span><\/p>\n<p><span data-contrast=\"none\">VI. Conclusi\u00f3n.<\/span><\/p>","protected":false},"excerpt":{"rendered":"","protected":false},"author":49,"featured_media":0,"comment_status":"closed","ping_status":"closed","sticky":false,"template":"","format":"aside","meta":{"footnotes":""},"categories":[41,18],"tags":[],"class_list":["post-3346","post","type-post","status-publish","format-aside","hentry","category-publications","category-latest","post_format-post-format-aside"],"_links":{"self":[{"href":"https:\/\/www.igito.it\/en\/wp-json\/wp\/v2\/posts\/3346","targetHints":{"allow":["GET"]}}],"collection":[{"href":"https:\/\/www.igito.it\/en\/wp-json\/wp\/v2\/posts"}],"about":[{"href":"https:\/\/www.igito.it\/en\/wp-json\/wp\/v2\/types\/post"}],"author":[{"embeddable":true,"href":"https:\/\/www.igito.it\/en\/wp-json\/wp\/v2\/users\/49"}],"replies":[{"embeddable":true,"href":"https:\/\/www.igito.it\/en\/wp-json\/wp\/v2\/comments?post=3346"}],"version-history":[{"count":2,"href":"https:\/\/www.igito.it\/en\/wp-json\/wp\/v2\/posts\/3346\/revisions"}],"predecessor-version":[{"id":3349,"href":"https:\/\/www.igito.it\/en\/wp-json\/wp\/v2\/posts\/3346\/revisions\/3349"}],"wp:attachment":[{"href":"https:\/\/www.igito.it\/en\/wp-json\/wp\/v2\/media?parent=3346"}],"wp:term":[{"taxonomy":"category","embeddable":true,"href":"https:\/\/www.igito.it\/en\/wp-json\/wp\/v2\/categories?post=3346"},{"taxonomy":"post_tag","embeddable":true,"href":"https:\/\/www.igito.it\/en\/wp-json\/wp\/v2\/tags?post=3346"}],"curies":[{"name":"wp","href":"https:\/\/api.w.org\/{rel}","templated":true}]}}