{"id":1192,"date":"2016-01-27T12:31:13","date_gmt":"2016-01-27T11:31:13","guid":{"rendered":"http:\/\/www.igito.it\/?p=1192"},"modified":"2017-04-27T12:34:00","modified_gmt":"2017-04-27T11:34:00","slug":"tercera-jornada-italiana-de-la-amjc","status":"publish","type":"post","link":"https:\/\/www.igito.it\/es\/2016\/01\/27\/tercera-jornada-italiana-de-la-amjc\/","title":{"rendered":"Tercera Jornada Italiana de la AMJC"},"content":{"rendered":"<p><\/p>\n<h4><span style=\"color: #800000;\">28-30 de enero de 2016, Tur\u00edn (Italia)<\/span><br \/>\nEl Instituto ha organizado, juntos con la Universidad de Tur\u00edn y a la Asociaci\u00f3n Mundial de justicia Constitucional (AMJC), la \u00abTercera Jornada Italiana de la AMJC\u00bb.<\/h4>\n<p><\/p>","protected":false},"excerpt":{"rendered":"<p>28-30 de enero de 2016, Tur\u00edn (Italia) El Instituto ha organizado, juntos con la Universidad de Tur\u00edn y a la Asociaci\u00f3n Mundial de justicia Constitucional (AMJC), la \u00abTercera Jornada Italiana de la AMJC\u00bb.<\/p>\n","protected":false},"author":1,"featured_media":0,"comment_status":"open","ping_status":"open","sticky":false,"template":"","format":"standard","meta":{"footnotes":""},"categories":[25],"tags":[],"class_list":["post-1192","post","type-post","status-publish","format-standard","hentry","category-news-events"],"_links":{"self":[{"href":"https:\/\/www.igito.it\/es\/wp-json\/wp\/v2\/posts\/1192","targetHints":{"allow":["GET"]}}],"collection":[{"href":"https:\/\/www.igito.it\/es\/wp-json\/wp\/v2\/posts"}],"about":[{"href":"https:\/\/www.igito.it\/es\/wp-json\/wp\/v2\/types\/post"}],"author":[{"embeddable":true,"href":"https:\/\/www.igito.it\/es\/wp-json\/wp\/v2\/users\/1"}],"replies":[{"embeddable":true,"href":"https:\/\/www.igito.it\/es\/wp-json\/wp\/v2\/comments?post=1192"}],"version-history":[{"count":0,"href":"https:\/\/www.igito.it\/es\/wp-json\/wp\/v2\/posts\/1192\/revisions"}],"wp:attachment":[{"href":"https:\/\/www.igito.it\/es\/wp-json\/wp\/v2\/media?parent=1192"}],"wp:term":[{"taxonomy":"category","embeddable":true,"href":"https:\/\/www.igito.it\/es\/wp-json\/wp\/v2\/categories?post=1192"},{"taxonomy":"post_tag","embeddable":true,"href":"https:\/\/www.igito.it\/es\/wp-json\/wp\/v2\/tags?post=1192"}],"curies":[{"name":"wp","href":"https:\/\/api.w.org\/{rel}","templated":true}]}}