{"id":2937,"date":"2021-05-28T18:00:17","date_gmt":"2021-05-28T17:00:17","guid":{"rendered":"https:\/\/www.igito.it\/?p=2937"},"modified":"2021-06-09T00:29:41","modified_gmt":"2021-06-08T23:29:41","slug":"los-desafios-de-la-democracia-ambiental-y-el-acuerdo-de-escazu-dr-deilton-ribeiro-brasil","status":"publish","type":"post","link":"https:\/\/www.igito.it\/es\/2021\/05\/28\/los-desafios-de-la-democracia-ambiental-y-el-acuerdo-de-escazu-dr-deilton-ribeiro-brasil\/","title":{"rendered":"\u00abLOS DESAF\u00cdOS DE LA DEMOCRACIA AMBIENTAL Y EL ACUERDO DE ESCAZ\u00da\u00bb &#8211; Dr. Deilton Ribeiro (Brasil)"},"content":{"rendered":"<p><figure class=\"wp-block-embed wp-block-embed-youtube is-type-video is-provider-youtube epyt-figure\"><div class=\"wp-block-embed__wrapper\"><div class=\"epyt-video-wrapper\"><iframe loading=\"lazy\"  style=\"display: block; margin: 0px auto;\"  id=\"_ytid_95499\"  width=\"840\" height=\"473\"  data-origwidth=\"840\" data-origheight=\"473\" src=\"https:\/\/www.youtube.com\/embed\/viJMVO6K-n4?enablejsapi=1&autoplay=0&cc_load_policy=0&cc_lang_pref=&iv_load_policy=1&loop=0&rel=0&fs=1&playsinline=1&autohide=2&theme=dark&color=red&controls=1&disablekb=0&\" class=\"__youtube_prefs__  no-lazyload\" title=\"YouTube player\"  allow=\"fullscreen; accelerometer; autoplay; clipboard-write; encrypted-media; gyroscope; picture-in-picture; web-share\" referrerpolicy=\"strict-origin-when-cross-origin\" allowfullscreen data-no-lazy=\"1\" data-skipgform_ajax_framebjll=\"\"><\/iframe><\/div><\/div><\/figure><\/p>\n<p>Para participar en la discusi\u00f3n virtual sobre la ponencia y recibir la constancia respectiva, <a href=\"https:\/\/www.igito.it\/login\/\">acceda<\/a> o <a href=\"https:\/\/www.igito.it\/about\/\" target=\"_blank\" rel=\"noopener noreferrer\">inscr\u00edbase en IgiTo<\/a>.<\/p>\n<p><!--more--><\/p>\n<p><em>Nota importante: Las opiniones presentadas en el video son posturas personales del ponente y no reflejan necesariamente la posici\u00f3n de IgiTo sobre los asuntos abordados. Las informaciones presentadas son generales, tienen finalidad de divulgaci\u00f3n y no substituyen en ning\u00fan modo la asistencia de un profesional. Informaciones:\u00a0<a href=\"mailto:info@igito.it\">info@igito.it<\/a><\/em>.<\/p>\n<p><\/p>","protected":false},"excerpt":{"rendered":"<p>Disculpa, pero esta entrada est\u00e1 disponible s\u00f3lo en Italiano. For the sake of viewer convenience, the content is shown below in the alternative language. You may click the link to switch the active language. Per partecipare alla discussione virtuale sulla presentazione e ricevere il relativo attestato, accedi oppure iscriviti a IgiTo.<\/p>\n","protected":false},"author":49,"featured_media":0,"comment_status":"open","ping_status":"open","sticky":false,"template":"","format":"standard","meta":{"footnotes":""},"categories":[20,26,18],"tags":[],"class_list":["post-2937","post","type-post","status-publish","format-standard","hentry","category-ibero-american-studies","category-lectures","category-latest"],"_links":{"self":[{"href":"https:\/\/www.igito.it\/es\/wp-json\/wp\/v2\/posts\/2937","targetHints":{"allow":["GET"]}}],"collection":[{"href":"https:\/\/www.igito.it\/es\/wp-json\/wp\/v2\/posts"}],"about":[{"href":"https:\/\/www.igito.it\/es\/wp-json\/wp\/v2\/types\/post"}],"author":[{"embeddable":true,"href":"https:\/\/www.igito.it\/es\/wp-json\/wp\/v2\/users\/49"}],"replies":[{"embeddable":true,"href":"https:\/\/www.igito.it\/es\/wp-json\/wp\/v2\/comments?post=2937"}],"version-history":[{"count":0,"href":"https:\/\/www.igito.it\/es\/wp-json\/wp\/v2\/posts\/2937\/revisions"}],"wp:attachment":[{"href":"https:\/\/www.igito.it\/es\/wp-json\/wp\/v2\/media?parent=2937"}],"wp:term":[{"taxonomy":"category","embeddable":true,"href":"https:\/\/www.igito.it\/es\/wp-json\/wp\/v2\/categories?post=2937"},{"taxonomy":"post_tag","embeddable":true,"href":"https:\/\/www.igito.it\/es\/wp-json\/wp\/v2\/tags?post=2937"}],"curies":[{"name":"wp","href":"https:\/\/api.w.org\/{rel}","templated":true}]}}