{"id":2410,"date":"2020-11-21T23:21:42","date_gmt":"2020-11-21T22:21:42","guid":{"rendered":"https:\/\/www.igito.it\/?p=2410"},"modified":"2020-12-01T03:28:30","modified_gmt":"2020-12-01T02:28:30","slug":"invitacion-conversaciones-internacionales-entre-juristas-e-investigadores-conferenciantes-mexicanos-e-italianos","status":"publish","type":"post","link":"https:\/\/www.igito.it\/it\/2020\/11\/21\/invitacion-conversaciones-internacionales-entre-juristas-e-investigadores-conferenciantes-mexicanos-e-italianos\/","title":{"rendered":"\u201cConversaciones internacionales entre juristas e investigadores conferenciantes mexicanos e italianos\u201d (EVENTO)"},"content":{"rendered":"<p class=\"qtranxs-available-languages-message qtranxs-available-languages-message-it\">Ci spiace, ma questo articolo \u00e8 disponibile soltanto in <a href=\"https:\/\/www.igito.it\/es\/wp-json\/wp\/v2\/posts\/2410\" class=\"qtranxs-available-language-link qtranxs-available-language-link-es\" title=\"Espa\u00f1ol\">Espa\u00f1ol<\/a>. Per ragioni di convenienza del visitatore, il contenuto \u00e8 mostrato sotto nella lingua alternativa. Puoi cliccare sul link per cambiare la lingua attiva.<\/p><div> Tenemos el honor de invitarlos al evento en el que participar\u00e1 el Dr. Roberto Garetto, Vice-Director del Instituto Jur\u00eddico Internacional de Tur\u00edn:<\/div>\n<div><\/div>\n<div><\/div>\n<div><em>&#8220;INCILJ<\/em><\/div>\n<div><em>Instituto de Ciencias e Investigaci\u00f3n en Legislaci\u00f3n y Jurisprudencia<\/em><\/div>\n<div><\/div>\n<div><em>Conversaciones internacionales entre juristas e investigadores conferenciantes mexicanos e italianos<\/em><\/div>\n<div><\/div>\n<div><em>Roberto Garetto<\/em><\/div>\n<div><em>Universit\u00e0 di Camerino<\/em><\/div>\n<div><em>\u201cUniones entre personas del mismo sexo en Italia: di\u00e1logo entre Tribunal Constitucional y Tribunales Europeos\u201d<\/em><\/div>\n<div><\/div>\n<div><em>Esmeralda Barranco<\/em><\/div>\n<div><em>INCILJ<\/em><\/div>\n<div><em>\u201cUniones entre personas del mismo sexo en Mexico: di\u00e1logo entre la Suprema Corte de Justicia de la Naci\u00f3n\u00a0 y la Corte Interamericana de Derechos Humanos\u201d<\/em><\/div>\n<div><\/div>\n<div><em>22 de novembre de 2020<\/em><\/div>\n<div><\/div>\n<div><em>h. 10 am M\u00e9xico<\/em><\/div>\n<div><em>h. 17 pm Italia&#8221; <\/em><\/div>\n<div><\/div>","protected":false},"excerpt":{"rendered":"<p>Ci spiace, ma questo articolo \u00e8 disponibile soltanto in Espa\u00f1ol. Per ragioni di convenienza del visitatore, il contenuto \u00e8 mostrato sotto nella lingua alternativa. Puoi cliccare sul link per cambiare la lingua attiva. Tenemos el honor de invitarlos al evento en el que participar\u00e1 el Dr. Roberto Garetto, Vice-Director del Instituto Jur\u00eddico Internacional de Tur\u00edn: &hellip; <a href=\"https:\/\/www.igito.it\/it\/2020\/11\/21\/invitacion-conversaciones-internacionales-entre-juristas-e-investigadores-conferenciantes-mexicanos-e-italianos\/\" class=\"more-link\">Leggi tutto<span class=\"screen-reader-text\"> &#8220;\u201cConversaciones internacionales entre juristas e investigadores conferenciantes mexicanos e italianos\u201d (EVENTO)&#8221;<\/span><\/a><\/p>\n","protected":false},"author":49,"featured_media":2411,"comment_status":"open","ping_status":"open","sticky":false,"template":"","format":"standard","meta":{"footnotes":""},"categories":[20,25,18],"tags":[],"class_list":["post-2410","post","type-post","status-publish","format-standard","has-post-thumbnail","hentry","category-ibero-american-studies","category-news-events","category-latest"],"_links":{"self":[{"href":"https:\/\/www.igito.it\/it\/wp-json\/wp\/v2\/posts\/2410","targetHints":{"allow":["GET"]}}],"collection":[{"href":"https:\/\/www.igito.it\/it\/wp-json\/wp\/v2\/posts"}],"about":[{"href":"https:\/\/www.igito.it\/it\/wp-json\/wp\/v2\/types\/post"}],"author":[{"embeddable":true,"href":"https:\/\/www.igito.it\/it\/wp-json\/wp\/v2\/users\/49"}],"replies":[{"embeddable":true,"href":"https:\/\/www.igito.it\/it\/wp-json\/wp\/v2\/comments?post=2410"}],"version-history":[{"count":0,"href":"https:\/\/www.igito.it\/it\/wp-json\/wp\/v2\/posts\/2410\/revisions"}],"wp:featuredmedia":[{"embeddable":true,"href":"https:\/\/www.igito.it\/it\/wp-json\/wp\/v2\/media\/2411"}],"wp:attachment":[{"href":"https:\/\/www.igito.it\/it\/wp-json\/wp\/v2\/media?parent=2410"}],"wp:term":[{"taxonomy":"category","embeddable":true,"href":"https:\/\/www.igito.it\/it\/wp-json\/wp\/v2\/categories?post=2410"},{"taxonomy":"post_tag","embeddable":true,"href":"https:\/\/www.igito.it\/it\/wp-json\/wp\/v2\/tags?post=2410"}],"curies":[{"name":"wp","href":"https:\/\/api.w.org\/{rel}","templated":true}]}}