{"id":4097,"date":"2026-04-29T19:58:24","date_gmt":"2026-04-29T18:58:24","guid":{"rendered":"https:\/\/www.igito.it\/?p=4097"},"modified":"2026-04-29T22:23:32","modified_gmt":"2026-04-29T21:23:32","slug":"daniel-e-florez-munoz-mujeres-conflicto-armado-y-construccion-de-paz-en-colombia-2026-libro","status":"publish","type":"post","link":"https:\/\/www.igito.it\/it\/2026\/04\/29\/daniel-e-florez-munoz-mujeres-conflicto-armado-y-construccion-de-paz-en-colombia-2026-libro\/","title":{"rendered":"Daniel E. Florez Mu\u00f1oz, &#8220;Mujeres, conflicto armado y construcci\u00f3n de paz en Colombia&#8221; (2026, libro)"},"content":{"rendered":"<p><img loading=\"lazy\" decoding=\"async\" class=\"aligncenter wp-image-4098\" src=\"https:\/\/www.igito.it\/wp-content\/uploads\/2026\/04\/Copertina-212x300.jpg\" alt=\"\" width=\"400\" height=\"566\" srcset=\"https:\/\/www.igito.it\/wp-content\/uploads\/2026\/04\/Copertina-212x300.jpg 212w, https:\/\/www.igito.it\/wp-content\/uploads\/2026\/04\/Copertina-724x1024.jpg 724w, https:\/\/www.igito.it\/wp-content\/uploads\/2026\/04\/Copertina-768x1087.jpg 768w, https:\/\/www.igito.it\/wp-content\/uploads\/2026\/04\/Copertina-1086x1536.jpg 1086w, https:\/\/www.igito.it\/wp-content\/uploads\/2026\/04\/Copertina.jpg 1167w\" sizes=\"auto, (max-width: 400px) 85vw, 400px\" \/><\/p>\n<p><!--more--><\/p>\n<p><\/p>\n<h3><a href=\"https:\/\/drive.google.com\/file\/d\/1j3nqHd9hub2SUBHgLsxjxv0-x5bRkUGl\/view?usp=drivesdk\" target=\"_blank\" rel=\"noopener\"><strong>VISUALIZZA ESTRATTO DELL&#8217;OPERA<\/strong><\/a><\/h3>\n<p>Per informazioni sulle modalit\u00e0 di accesso all&#8217;opera completa, contattaci: <a href=\"mailto:info@igito.it\">info@igito.it<\/a>.<\/p>\n<p><\/p>\n<h3>Dati editoriali <\/h3>\n<p>Daniel E. Florez Mu\u00f1oz, <em>Mujeres, conflicto armado y construcci\u00f3n de paz en Colombia<\/em>. Torino: IgiTo &#8211; Istituto giuridico internazionale di Torino, 2026. 184 pp.<\/p>\n<p>IgiTo &#8211; Istituto giuridico internazionale di Torino<br \/>\nISBN | 979-12-986169-1-2<\/p>\n<p>Prima edizione digitale: aprile 2026<br \/>\n\u00a9 Tutti i diritti riservati.<br \/>\n<\/p>\n<h3>Abstract<\/h3>\n<p>El libro busca inscribirse en un momento clave para la comprensi\u00f3n cr\u00edtica de la historia reciente de Colombia. En efecto, la obra aborda una de las dimensiones m\u00e1s silenciadas y estructurales del conflicto armado: las m\u00faltiples formas de violencia de g\u00e9nero ejercidas durante m\u00e1s de cinco d\u00e9cadas de enfrentamientos. Lejos de ser un ap\u00e9ndice marginal del conflicto, la violencia de g\u00e9nero fue una estrategia sistem\u00e1tica de dominaci\u00f3n, castigo y control social. Aunque las narrativas oficiales han tendido a generalizar el sufrimiento bajo t\u00e9rminos neutros como \u201cv\u00edctimas\u201d o \u201cafectados\u201d, este libro insiste en la urgencia de se\u00f1alar que no todos los cuerpos fueron violentados de la misma manera, ni todos los da\u00f1os fueron igualmente visibles.<\/p>\n<h3>Indice <\/h3>\n<p><strong>I. Introducci\u00f3n<\/strong><\/p>\n<p><strong>II. G\u00e9nero, comisiones de verdad y memoria hist\u00f3rica: una aproximaci\u00f3n te\u00f3rica<\/strong><\/p>\n<p>Introducci\u00f3n &#8211; 1. Marco te\u00f3rico &#8211; 2. Las Comisiones de Verdad: su rol en la memoria hist\u00f3rica y el g\u00e9nero &#8211; 3. G\u00e9nero y memoria en contextos de violencia &#8211; 4. Desaf\u00edos para una memoria hist\u00f3rica inclusiva &#8211; 5. Propuestas para un enfoque feminista de la memoria hist\u00f3rica &#8211; Conclusi\u00f3n &#8211; Referencias<\/p>\n<p><strong>III. El lugar del g\u00e9nero al interior de la negociaci\u00f3n de paz y del acuerdo final con las FARC<\/strong><\/p>\n<p>Introducci\u00f3n &#8211; 1. El rol del g\u00e9nero en la negociaci\u00f3n de paz &#8211; 2. Particularidades del enfoque de g\u00e9nero en el Acuerdo Final &#8211; 3. Desaf\u00edos en la implementaci\u00f3n del enfoque de g\u00e9nero &#8211; 4. Propuestas para fortalecer el enfoque de g\u00e9nero en la construcci\u00f3n de paz &#8211; Conclusi\u00f3n &#8211; Referencias<\/p>\n<p><strong>IV. La Comisi\u00f3n de Esclarecimiento de la Verdad y la arquitectura del Informe Final<\/strong><\/p>\n<p>Introducci\u00f3n &#8211; 1. El papel de la Comisi\u00f3n de Esclarecimiento de la Verdad en la justicia transicional &#8211; 2. Metodolog\u00eda empleada por la CEV &#8211; 3. Arquitectura del Informe Final &#8211; 4. Impacto y recomendaciones &#8211; Conclusiones &#8211; Referencias<\/p>\n<p><strong>V. M\u00e1s que un bot\u00edn de guerra: an\u00e1lisis de los principales hallazgos en torno al lugar del g\u00e9nero al interior del conflicto armado<\/strong><\/p>\n<p>Introducci\u00f3n &#8211; 1. Violencias sexuales y reproductivas &#8211; 2. Desplazamiento forzado y despojo &#8211; 3. Control de la vida de las mujeres en el conflicto &#8211; 4. Explotaci\u00f3n de mujeres ind\u00edgenas, afrocolombianas y campesinas &#8211; 5. Resistencias y resiliencia &#8211; Conclusi\u00f3n &#8211; Referencias<\/p>\n<p><strong>VI. Hacia una paz m\u00e1s all\u00e1 del g\u00e9nero: an\u00e1lisis de las principales recomendaciones asociadas con el g\u00e9nero en el informe final de la CEV<\/strong><\/p>\n<p>Introducci\u00f3n &#8211; 1. El enfoque de g\u00e9nero en el Informe Final &#8211; 2. Principales recomendaciones de la CEV en torno al g\u00e9nero &#8211; 3. Desaf\u00edos en la implementaci\u00f3n de las recomendaciones &#8211; Conclusiones &#8211; Referencias<\/p>\n<p><strong>VII. Conclusiones<\/strong><\/p>\n<h3>Bibliografia <\/h3>\n<p>Baines, E. (2010). Gender, responsibility, and the grey zone: Considerations for transitional and postconflict justice. Human Rights Review, 11(4), 305-328.<a href=\"https:\/\/doi.org\/10.1007\/s12142-010-0165-4\"> https:\/\/doi.org\/10.1007\/s12142-010-0165-4<\/a><\/p>\n<p>Boesten, J. (2014). Sexual violence during war and peace: Gender, power, and post-conflict justice in Peru. Palgrave Macmillan.<\/p>\n<p>Bouvard, M. (1994). Revolutionizing motherhood: The Mothers of the Plaza de Mayo. Scholarly Resources.<\/p>\n<p>Bouvier, V. M. (2016). Gender and the role of women in Colombia\u2019s peace process. United States Institute of Peace.<\/p>\n<p>Brah, A. (2011). Cartograf\u00edas de la di\u00e1spora: Identidades en cuesti\u00f3n. Traficantes de Sue\u00f1os.<\/p>\n<p>Butler, J. (2009). Frames of war: When is life grievable?. Verso.<\/p>\n<p>Caro Ben\u00edtez, M., Lallemand Abramuck, A., y Caro Mej\u00eda, K. (2025). Propuesta de un constitucionalismo diferencial e interseccional con enfoque territorial de cara al caso de mujeres rurales en la justicia transicional colombiana. Revista Internacional de Investigaci\u00f3n Jur\u00eddica Recta Ratio, 1(2), 160-174.<a href=\"https:\/\/doi.org\/10.32997\/riijrr-2025-5590\"> https:\/\/doi.org\/10.32997\/riijrr-2025-5590<\/a><\/p>\n<p>Castrill\u00f3n, C., y Delgado, L. M. (2018). G\u00e9nero y construcci\u00f3n de paz en Colombia: Balance y perspectivas. Revista Internacional de Estudios sobre Paz y Conflictos, 7, 135-154.<\/p>\n<p>Comisi\u00f3n de la Verdad. (2021). Informe final de la Comisi\u00f3n de la Verdad de Colombia.<\/p>\n<p>Comisi\u00f3n para el Esclarecimiento de la Verdad, la Convivencia y la No Repetici\u00f3n. (2022). Hallazgos y recomendaciones: Informe final. CEV.<\/p>\n<p>Comisi\u00f3n para el Esclarecimiento de la Verdad, la Convivencia y la No Repetici\u00f3n. (2022). Informe final: La verdad de la guerra en Colombia. CEV.<\/p>\n<p>Comisi\u00f3n para el Esclarecimiento de la Verdad, la Convivencia y la No Repetici\u00f3n. (2022). Mi cuerpo es la verdad: Experiencias de mujeres y personas LGBTIQ+ en el conflicto armado. CEV.<\/p>\n<p>Crenshaw, K. (1991). Mapping the margins: Intersectionality, identity politics, and violence against women of color. Stanford Law Review, 43(6), 1241-1299.<a href=\"https:\/\/doi.org\/10.2307\/1229039\"> https:\/\/doi.org\/10.2307\/1229039<\/a><\/p>\n<p>Halbwachs, M. (2004). La memoria colectiva. Prensas Universitarias de Zaragoza.<\/p>\n<p>Hiner, H. (2009). Voces soterradas y violencias ignoradas: Discurso, violencia pol\u00edtica y g\u00e9nero en los informes de la verdad chilenos. Revista de Estudios Feministas, 1(1), 59-82.<\/p>\n<p>Jelin, E. (2001). Los trabajos de la memoria. Siglo XXI.<\/p>\n<p>Jelin, E. (2003). State repression and the labors of memory. University of Minnesota Press.<\/p>\n<p>Lemaitre, J., y Sandvik, K. B. (2018). Shifting gender representations in Colombia\u2019s peace negotiations: Political agency, victimhood, and reproductive rights. Journal of Peacebuilding &amp; Development, 13(2), 1-15.<a href=\"https:\/\/doi.org\/10.1080\/15423166.2018.1474704\"> https:\/\/doi.org\/10.1080\/15423166.2018.1474704<\/a><\/p>\n<p>Meertens, D. (2019). Gendered memories: Reconciling inequality and armed conflict in Colombia. En F. Lessa y L. Payne (Eds.), Memory and transitional justice in Argentina and Uruguay: Against impunity (pp. 150-168). Palgrave Macmillan. <a href=\"https:\/\/doi.org\/10.1007\/978-3-030-10877-7\">https:\/\/doi.org\/10.1007\/978-3-030-10877-7<\/a><\/p>\n<p>Middleton, D., y Brown, S. D. (2005). The social psychology of experience: Studies in remembering and forgetting. SAGE Publications.<\/p>\n<p>Mohanty, C. T. (2003). Feminism without borders: Decolonizing theory, practicing solidarity. Duke University Press.<\/p>\n<p>Perona, R., Florez Mu\u00f1oz, D. E., y Luna Salas, F. (2023). Peace through justice, truth, reparation and non-repetition: Normative and judicial developments of the special legal framework of transitional justice in Colombia. Global Jurist, 23(2), 207-236.<a href=\"https:\/\/doi.org\/10.1515\/gj-2023-0025\"> https:\/\/doi.org\/10.1515\/gj-2023-0025<\/a><\/p>\n<p>S\u00e1nchez, G. (2019). Gender, conflict and reintegration in Colombia. Colombia Internacional, (99), 123-144.<\/p>\n<p>Scott, J. W. (1999). Gender and the politics of history. Columbia University Press.<\/p>\n<p>Sikkink, K. (2011). The justice cascade: How human rights prosecutions are changing world politics. W. W. Norton.<\/p>\n<p>Tabak, S. (2011). False dichotomies of transitional justice: Gender, conflict and combatants in Colombia. New York University Journal of International Law and Politics, 44(1), 103-144.<\/p>\n<p>Troncoso P\u00e9rez, L. E., y Piper Shafir, I. (2015). G\u00e9nero y memoria: Articulaciones cr\u00edticas y feministas. Athenea Digital, 15(1), 65-90.<a href=\"https:\/\/doi.org\/10.5565\/rev\/athenea.1325\"> https:\/\/doi.org\/10.5565\/rev\/athenea.1325<\/a><\/p>\n<p>UN Women. (2017). Colombia\u2019s peace process includes gender equality provisions.<a href=\"https:\/\/www.unwomen.org\/en\/news\/stories\/2017\/4\/news-colombias-peace-process\"> https:\/\/www.unwomen.org\/en\/news\/stories\/2017\/4\/news-colombias-peace-process<\/a><\/p>\n<p>Yuval-Davis, N. (2006). Intersectionality and feminist politics. European Journal of Women\u2019s Studies, 13(3), 193-209.<a href=\"https:\/\/doi.org\/10.1177\/1350506806065752\"> https:\/\/doi.org\/10.1177\/1350506806065752<\/a><\/p>\n<p>&nbsp;<\/p>","protected":false},"excerpt":{"rendered":"","protected":false},"author":1,"featured_media":0,"comment_status":"closed","ping_status":"closed","sticky":false,"template":"","format":"aside","meta":{"footnotes":""},"categories":[41,25],"tags":[],"class_list":["post-4097","post","type-post","status-publish","format-aside","hentry","category-publications","category-news-events","post_format-post-format-aside"],"_links":{"self":[{"href":"https:\/\/www.igito.it\/it\/wp-json\/wp\/v2\/posts\/4097","targetHints":{"allow":["GET"]}}],"collection":[{"href":"https:\/\/www.igito.it\/it\/wp-json\/wp\/v2\/posts"}],"about":[{"href":"https:\/\/www.igito.it\/it\/wp-json\/wp\/v2\/types\/post"}],"author":[{"embeddable":true,"href":"https:\/\/www.igito.it\/it\/wp-json\/wp\/v2\/users\/1"}],"replies":[{"embeddable":true,"href":"https:\/\/www.igito.it\/it\/wp-json\/wp\/v2\/comments?post=4097"}],"version-history":[{"count":10,"href":"https:\/\/www.igito.it\/it\/wp-json\/wp\/v2\/posts\/4097\/revisions"}],"predecessor-version":[{"id":4127,"href":"https:\/\/www.igito.it\/it\/wp-json\/wp\/v2\/posts\/4097\/revisions\/4127"}],"wp:attachment":[{"href":"https:\/\/www.igito.it\/it\/wp-json\/wp\/v2\/media?parent=4097"}],"wp:term":[{"taxonomy":"category","embeddable":true,"href":"https:\/\/www.igito.it\/it\/wp-json\/wp\/v2\/categories?post=4097"},{"taxonomy":"post_tag","embeddable":true,"href":"https:\/\/www.igito.it\/it\/wp-json\/wp\/v2\/tags?post=4097"}],"curies":[{"name":"wp","href":"https:\/\/api.w.org\/{rel}","templated":true}]}}